{"id":786,"date":"2018-05-30T13:43:53","date_gmt":"2018-05-30T11:43:53","guid":{"rendered":"http:\/\/www.fridaselander.com\/?p=786"},"modified":"2018-05-30T13:43:53","modified_gmt":"2018-05-30T11:43:53","slug":"vinylen-ar-i-takt-med-sig-sjalv","status":"publish","type":"post","link":"http:\/\/www.fridaselander.com\/?p=786","title":{"rendered":"Vinylen \u00e4r i takt med sig sj\u00e4lv"},"content":{"rendered":"<p>Vinylen \u00e4r i tid. 55 dagar efter skivsl\u00e4ppet \u00e4r den h\u00e4r. Den \u00e4r i SIN tid. Helt i takt med sig sj\u00e4lv.<br \/>\nFantastisk i sin fysiska form, och samtidigt underbart ofysisk: toner som \u00e4r vibrationer, atomer som \u00e4r tomrum, fotografi som \u00e4r ljus, texter som \u00e4r upplevelser och s\u00e5ng som \u00e4r luft. Detta g\u00e5r att k\u00f6pa! Maila till: info@fridaselander.com<br \/>\n<a href='http:\/\/www.fridaselander.com\/wp-content\/uploads\/2018\/05\/IMG_50481.mp4'>IMG_5048<\/a><\/p>\n","protected":false},"excerpt":{"rendered":"<p>Vinylen \u00e4r i tid. 55 dagar efter skivsl\u00e4ppet \u00e4r den h\u00e4r. Den \u00e4r i SIN tid. Helt i takt med sig sj\u00e4lv. Fantastisk i sin fysiska form, och samtidigt underbart ofysisk: toner som \u00e4r vibrationer, atomer som \u00e4r tomrum, fotografi som \u00e4r ljus, texter som \u00e4r upplevelser och s\u00e5ng som \u00e4r luft. Detta g\u00e5r att<a class=\"more-link\" href=\"http:\/\/www.fridaselander.com\/?p=786\">Continue reading <span class=\"screen-reader-text\">&#8220;Vinylen \u00e4r i takt med sig sj\u00e4lv&#8221;<\/span><\/a><\/p>\n","protected":false},"author":1,"featured_media":0,"comment_status":"open","ping_status":"open","sticky":false,"template":"","format":"standard","meta":{"_monsterinsights_skip_tracking":false,"_monsterinsights_sitenote_active":false,"_monsterinsights_sitenote_note":"","_monsterinsights_sitenote_category":0},"categories":[1],"tags":[],"_links":{"self":[{"href":"http:\/\/www.fridaselander.com\/index.php?rest_route=\/wp\/v2\/posts\/786"}],"collection":[{"href":"http:\/\/www.fridaselander.com\/index.php?rest_route=\/wp\/v2\/posts"}],"about":[{"href":"http:\/\/www.fridaselander.com\/index.php?rest_route=\/wp\/v2\/types\/post"}],"author":[{"embeddable":true,"href":"http:\/\/www.fridaselander.com\/index.php?rest_route=\/wp\/v2\/users\/1"}],"replies":[{"embeddable":true,"href":"http:\/\/www.fridaselander.com\/index.php?rest_route=%2Fwp%2Fv2%2Fcomments&post=786"}],"version-history":[{"count":2,"href":"http:\/\/www.fridaselander.com\/index.php?rest_route=\/wp\/v2\/posts\/786\/revisions"}],"predecessor-version":[{"id":791,"href":"http:\/\/www.fridaselander.com\/index.php?rest_route=\/wp\/v2\/posts\/786\/revisions\/791"}],"wp:attachment":[{"href":"http:\/\/www.fridaselander.com\/index.php?rest_route=%2Fwp%2Fv2%2Fmedia&parent=786"}],"wp:term":[{"taxonomy":"category","embeddable":true,"href":"http:\/\/www.fridaselander.com\/index.php?rest_route=%2Fwp%2Fv2%2Fcategories&post=786"},{"taxonomy":"post_tag","embeddable":true,"href":"http:\/\/www.fridaselander.com\/index.php?rest_route=%2Fwp%2Fv2%2Ftags&post=786"}],"curies":[{"name":"wp","href":"https:\/\/api.w.org\/{rel}","templated":true}]}}